{"id":968,"date":"2024-10-12T07:33:28","date_gmt":"2024-10-12T07:33:28","guid":{"rendered":"https:\/\/raval.es\/historia\/?p=968"},"modified":"2024-10-12T07:33:28","modified_gmt":"2024-10-12T07:33:28","slug":"casa-tipica-del-raval","status":"publish","type":"post","link":"https:\/\/raval.es\/historia\/casa-tipica-del-raval\/","title":{"rendered":"CASA T\u00cdPICA DEL RAVAL"},"content":{"rendered":"<p><b>\u00c1lvaro Garc\u00eda<\/b><\/p>\n<hr \/>\n<hr \/>\n<p>Casa t\u00edpica del <strong>Arrabal de San Juan<\/strong> de <strong>Elche<\/strong> en la calle <strong>Retor<\/strong> numero 7, con un gran portal\u00f3n de entrada y un balc\u00f3n encima y peque\u00f1as ventanas con rejas de buche de palomo, una arquitectura popular pr\u00e1cticamente desaparecida en <strong>Elche<\/strong>. Fotograf\u00eda realizada en 1977.<\/p>\n<hr \/>\n<p>Fuente: Gaspar Ja\u00e9n i Urb\u00e1n<\/p>\n\n\n<figure class=\"wp-block-image size-large\"><img decoding=\"async\" src=\"http:\/\/carabassi.net\/magazine\/wp-content\/uploads\/2024\/10\/FB_IMG_1728717121337-641x1024.jpg\" alt=\"\" class=\"wp-image-10031\"\/><\/figure>\n\n\n\n<figure class=\"wp-block-image size-large\"><img loading=\"lazy\" decoding=\"async\" width=\"641\" height=\"1024\" src=\"https:\/\/raval.es\/historia\/wp-content\/uploads\/2024\/10\/FB_IMG_1728717121337-641x1024.jpg\" alt=\"\" class=\"wp-image-961\" srcset=\"https:\/\/raval.es\/historia\/wp-content\/uploads\/2024\/10\/FB_IMG_1728717121337-641x1024.jpg 641w, https:\/\/raval.es\/historia\/wp-content\/uploads\/2024\/10\/FB_IMG_1728717121337-188x300.jpg 188w, https:\/\/raval.es\/historia\/wp-content\/uploads\/2024\/10\/FB_IMG_1728717121337.jpg 665w\" sizes=\"auto, (max-width: 641px) 100vw, 641px\" \/><\/figure>\n","protected":false},"excerpt":{"rendered":"<p>\u00c1lvaro Garc\u00eda Casa t\u00edpica del Arrabal de San Juan de Elche en la calle Retor numero&hellip;<\/p>\n","protected":false},"author":1,"featured_media":960,"comment_status":"closed","ping_status":"","sticky":false,"template":"","format":"standard","meta":{"footnotes":""},"categories":[56],"tags":[73,25],"class_list":["post-968","post","type-post","status-publish","format-standard","has-post-thumbnail","hentry","category-historia","tag-casas","tag-historia"],"yoast_head":"<!-- This site is optimized with the Yoast SEO plugin v25.7 - https:\/\/yoast.com\/wordpress\/plugins\/seo\/ -->\n<title>CASA T\u00cdPICA DEL RAVAL - Raval Hist\u00f2ric<\/title>\n<meta name=\"robots\" content=\"index, follow, max-snippet:-1, max-image-preview:large, max-video-preview:-1\" \/>\n<link rel=\"canonical\" href=\"https:\/\/raval.es\/historia\/casa-tipica-del-raval\/\" \/>\n<meta property=\"og:locale\" content=\"es_ES\" \/>\n<meta property=\"og:type\" content=\"article\" \/>\n<meta property=\"og:title\" content=\"CASA T\u00cdPICA DEL RAVAL - Raval Hist\u00f2ric\" \/>\n<meta property=\"og:description\" content=\"\u00c1lvaro Garc\u00eda Casa t\u00edpica del Arrabal de San Juan de Elche en la calle Retor numero&hellip;\" \/>\n<meta property=\"og:url\" content=\"https:\/\/raval.es\/historia\/casa-tipica-del-raval\/\" \/>\n<meta property=\"og:site_name\" content=\"Raval Hist\u00f2ric\" \/>\n<meta property=\"article:publisher\" content=\"https:\/\/www.facebook.com\/ravaldelx\/\" \/>\n<meta property=\"article:published_time\" content=\"2024-10-12T07:33:28+00:00\" \/>\n<meta property=\"og:image\" content=\"https:\/\/raval.es\/historia\/wp-content\/uploads\/2024\/10\/002_640x619.jpg\" \/>\n\t<meta property=\"og:image:width\" content=\"628\" \/>\n\t<meta property=\"og:image:height\" content=\"565\" \/>\n\t<meta property=\"og:image:type\" content=\"image\/jpeg\" \/>\n<meta name=\"author\" content=\"jaume\" \/>\n<meta name=\"twitter:card\" content=\"summary_large_image\" \/>\n<meta name=\"twitter:label1\" content=\"Escrito por\" \/>\n\t<meta name=\"twitter:data1\" content=\"jaume\" \/>\n<script type=\"application\/ld+json\" class=\"yoast-schema-graph\">{\"@context\":\"https:\/\/schema.org\",\"@graph\":[{\"@type\":\"Article\",\"@id\":\"https:\/\/raval.es\/historia\/casa-tipica-del-raval\/#article\",\"isPartOf\":{\"@id\":\"https:\/\/raval.es\/historia\/casa-tipica-del-raval\/\"},\"author\":{\"name\":\"jaume\",\"@id\":\"https:\/\/raval.es\/historia\/#\/schema\/person\/40fb5d78383acffa8376684168f0b184\"},\"headline\":\"CASA T\u00cdPICA DEL RAVAL\",\"datePublished\":\"2024-10-12T07:33:28+00:00\",\"mainEntityOfPage\":{\"@id\":\"https:\/\/raval.es\/historia\/casa-tipica-del-raval\/\"},\"wordCount\":64,\"publisher\":{\"@id\":\"https:\/\/raval.es\/historia\/#organization\"},\"image\":{\"@id\":\"https:\/\/raval.es\/historia\/casa-tipica-del-raval\/#primaryimage\"},\"thumbnailUrl\":\"https:\/\/raval.es\/historia\/wp-content\/uploads\/2024\/10\/002_640x619.jpg\",\"keywords\":[\"Casas\",\"historia\"],\"articleSection\":[\"HISTORIA\"],\"inLanguage\":\"es\"},{\"@type\":\"WebPage\",\"@id\":\"https:\/\/raval.es\/historia\/casa-tipica-del-raval\/\",\"url\":\"https:\/\/raval.es\/historia\/casa-tipica-del-raval\/\",\"name\":\"CASA T\u00cdPICA DEL RAVAL - Raval Hist\u00f2ric\",\"isPartOf\":{\"@id\":\"https:\/\/raval.es\/historia\/#website\"},\"primaryImageOfPage\":{\"@id\":\"https:\/\/raval.es\/historia\/casa-tipica-del-raval\/#primaryimage\"},\"image\":{\"@id\":\"https:\/\/raval.es\/historia\/casa-tipica-del-raval\/#primaryimage\"},\"thumbnailUrl\":\"https:\/\/raval.es\/historia\/wp-content\/uploads\/2024\/10\/002_640x619.jpg\",\"datePublished\":\"2024-10-12T07:33:28+00:00\",\"breadcrumb\":{\"@id\":\"https:\/\/raval.es\/historia\/casa-tipica-del-raval\/#breadcrumb\"},\"inLanguage\":\"es\",\"potentialAction\":[{\"@type\":\"ReadAction\",\"target\":[\"https:\/\/raval.es\/historia\/casa-tipica-del-raval\/\"]}]},{\"@type\":\"ImageObject\",\"inLanguage\":\"es\",\"@id\":\"https:\/\/raval.es\/historia\/casa-tipica-del-raval\/#primaryimage\",\"url\":\"https:\/\/raval.es\/historia\/wp-content\/uploads\/2024\/10\/002_640x619.jpg\",\"contentUrl\":\"https:\/\/raval.es\/historia\/wp-content\/uploads\/2024\/10\/002_640x619.jpg\",\"width\":628,\"height\":565},{\"@type\":\"BreadcrumbList\",\"@id\":\"https:\/\/raval.es\/historia\/casa-tipica-del-raval\/#breadcrumb\",\"itemListElement\":[{\"@type\":\"ListItem\",\"position\":1,\"name\":\"Portada\",\"item\":\"https:\/\/raval.es\/historia\/\"},{\"@type\":\"ListItem\",\"position\":2,\"name\":\"CASA T\u00cdPICA DEL RAVAL\"}]},{\"@type\":\"WebSite\",\"@id\":\"https:\/\/raval.es\/historia\/#website\",\"url\":\"https:\/\/raval.es\/historia\/\",\"name\":\"Raval Hist\u00f2ric\",\"description\":\"Un poble dins un poble\",\"publisher\":{\"@id\":\"https:\/\/raval.es\/historia\/#organization\"},\"potentialAction\":[{\"@type\":\"SearchAction\",\"target\":{\"@type\":\"EntryPoint\",\"urlTemplate\":\"https:\/\/raval.es\/historia\/?s={search_term_string}\"},\"query-input\":{\"@type\":\"PropertyValueSpecification\",\"valueRequired\":true,\"valueName\":\"search_term_string\"}}],\"inLanguage\":\"es\"},{\"@type\":\"Organization\",\"@id\":\"https:\/\/raval.es\/historia\/#organization\",\"name\":\"AV Raval\",\"alternateName\":\"Raval Hist\u00f2ric\",\"url\":\"https:\/\/raval.es\/historia\/\",\"logo\":{\"@type\":\"ImageObject\",\"inLanguage\":\"es\",\"@id\":\"https:\/\/raval.es\/historia\/#\/schema\/logo\/image\/\",\"url\":\"https:\/\/raval.es\/historia\/wp-content\/uploads\/2024\/12\/IMG_20241220_122838.jpg\",\"contentUrl\":\"https:\/\/raval.es\/historia\/wp-content\/uploads\/2024\/12\/IMG_20241220_122838.jpg\",\"width\":650,\"height\":318,\"caption\":\"AV Raval\"},\"image\":{\"@id\":\"https:\/\/raval.es\/historia\/#\/schema\/logo\/image\/\"},\"sameAs\":[\"https:\/\/www.facebook.com\/ravaldelx\/\",\"https:\/\/www.instagram.com\/avvraval.elx\/\"]},{\"@type\":\"Person\",\"@id\":\"https:\/\/raval.es\/historia\/#\/schema\/person\/40fb5d78383acffa8376684168f0b184\",\"name\":\"jaume\",\"sameAs\":[\"https:\/\/raval.es\/historia\"],\"url\":\"https:\/\/raval.es\/historia\/author\/olmo\/\"}]}<\/script>\n<!-- \/ Yoast SEO plugin. -->","yoast_head_json":{"title":"CASA T\u00cdPICA DEL RAVAL - Raval Hist\u00f2ric","robots":{"index":"index","follow":"follow","max-snippet":"max-snippet:-1","max-image-preview":"max-image-preview:large","max-video-preview":"max-video-preview:-1"},"canonical":"https:\/\/raval.es\/historia\/casa-tipica-del-raval\/","og_locale":"es_ES","og_type":"article","og_title":"CASA T\u00cdPICA DEL RAVAL - Raval Hist\u00f2ric","og_description":"\u00c1lvaro Garc\u00eda Casa t\u00edpica del Arrabal de San Juan de Elche en la calle Retor numero&hellip;","og_url":"https:\/\/raval.es\/historia\/casa-tipica-del-raval\/","og_site_name":"Raval Hist\u00f2ric","article_publisher":"https:\/\/www.facebook.com\/ravaldelx\/","article_published_time":"2024-10-12T07:33:28+00:00","og_image":[{"width":628,"height":565,"url":"https:\/\/raval.es\/historia\/wp-content\/uploads\/2024\/10\/002_640x619.jpg","type":"image\/jpeg"}],"author":"jaume","twitter_card":"summary_large_image","twitter_misc":{"Escrito por":"jaume"},"schema":{"@context":"https:\/\/schema.org","@graph":[{"@type":"Article","@id":"https:\/\/raval.es\/historia\/casa-tipica-del-raval\/#article","isPartOf":{"@id":"https:\/\/raval.es\/historia\/casa-tipica-del-raval\/"},"author":{"name":"jaume","@id":"https:\/\/raval.es\/historia\/#\/schema\/person\/40fb5d78383acffa8376684168f0b184"},"headline":"CASA T\u00cdPICA DEL RAVAL","datePublished":"2024-10-12T07:33:28+00:00","mainEntityOfPage":{"@id":"https:\/\/raval.es\/historia\/casa-tipica-del-raval\/"},"wordCount":64,"publisher":{"@id":"https:\/\/raval.es\/historia\/#organization"},"image":{"@id":"https:\/\/raval.es\/historia\/casa-tipica-del-raval\/#primaryimage"},"thumbnailUrl":"https:\/\/raval.es\/historia\/wp-content\/uploads\/2024\/10\/002_640x619.jpg","keywords":["Casas","historia"],"articleSection":["HISTORIA"],"inLanguage":"es"},{"@type":"WebPage","@id":"https:\/\/raval.es\/historia\/casa-tipica-del-raval\/","url":"https:\/\/raval.es\/historia\/casa-tipica-del-raval\/","name":"CASA T\u00cdPICA DEL RAVAL - Raval Hist\u00f2ric","isPartOf":{"@id":"https:\/\/raval.es\/historia\/#website"},"primaryImageOfPage":{"@id":"https:\/\/raval.es\/historia\/casa-tipica-del-raval\/#primaryimage"},"image":{"@id":"https:\/\/raval.es\/historia\/casa-tipica-del-raval\/#primaryimage"},"thumbnailUrl":"https:\/\/raval.es\/historia\/wp-content\/uploads\/2024\/10\/002_640x619.jpg","datePublished":"2024-10-12T07:33:28+00:00","breadcrumb":{"@id":"https:\/\/raval.es\/historia\/casa-tipica-del-raval\/#breadcrumb"},"inLanguage":"es","potentialAction":[{"@type":"ReadAction","target":["https:\/\/raval.es\/historia\/casa-tipica-del-raval\/"]}]},{"@type":"ImageObject","inLanguage":"es","@id":"https:\/\/raval.es\/historia\/casa-tipica-del-raval\/#primaryimage","url":"https:\/\/raval.es\/historia\/wp-content\/uploads\/2024\/10\/002_640x619.jpg","contentUrl":"https:\/\/raval.es\/historia\/wp-content\/uploads\/2024\/10\/002_640x619.jpg","width":628,"height":565},{"@type":"BreadcrumbList","@id":"https:\/\/raval.es\/historia\/casa-tipica-del-raval\/#breadcrumb","itemListElement":[{"@type":"ListItem","position":1,"name":"Portada","item":"https:\/\/raval.es\/historia\/"},{"@type":"ListItem","position":2,"name":"CASA T\u00cdPICA DEL RAVAL"}]},{"@type":"WebSite","@id":"https:\/\/raval.es\/historia\/#website","url":"https:\/\/raval.es\/historia\/","name":"Raval Hist\u00f2ric","description":"Un poble dins un poble","publisher":{"@id":"https:\/\/raval.es\/historia\/#organization"},"potentialAction":[{"@type":"SearchAction","target":{"@type":"EntryPoint","urlTemplate":"https:\/\/raval.es\/historia\/?s={search_term_string}"},"query-input":{"@type":"PropertyValueSpecification","valueRequired":true,"valueName":"search_term_string"}}],"inLanguage":"es"},{"@type":"Organization","@id":"https:\/\/raval.es\/historia\/#organization","name":"AV Raval","alternateName":"Raval Hist\u00f2ric","url":"https:\/\/raval.es\/historia\/","logo":{"@type":"ImageObject","inLanguage":"es","@id":"https:\/\/raval.es\/historia\/#\/schema\/logo\/image\/","url":"https:\/\/raval.es\/historia\/wp-content\/uploads\/2024\/12\/IMG_20241220_122838.jpg","contentUrl":"https:\/\/raval.es\/historia\/wp-content\/uploads\/2024\/12\/IMG_20241220_122838.jpg","width":650,"height":318,"caption":"AV Raval"},"image":{"@id":"https:\/\/raval.es\/historia\/#\/schema\/logo\/image\/"},"sameAs":["https:\/\/www.facebook.com\/ravaldelx\/","https:\/\/www.instagram.com\/avvraval.elx\/"]},{"@type":"Person","@id":"https:\/\/raval.es\/historia\/#\/schema\/person\/40fb5d78383acffa8376684168f0b184","name":"jaume","sameAs":["https:\/\/raval.es\/historia"],"url":"https:\/\/raval.es\/historia\/author\/olmo\/"}]}},"_links":{"self":[{"href":"https:\/\/raval.es\/historia\/wp-json\/wp\/v2\/posts\/968","targetHints":{"allow":["GET"]}}],"collection":[{"href":"https:\/\/raval.es\/historia\/wp-json\/wp\/v2\/posts"}],"about":[{"href":"https:\/\/raval.es\/historia\/wp-json\/wp\/v2\/types\/post"}],"author":[{"embeddable":true,"href":"https:\/\/raval.es\/historia\/wp-json\/wp\/v2\/users\/1"}],"replies":[{"embeddable":true,"href":"https:\/\/raval.es\/historia\/wp-json\/wp\/v2\/comments?post=968"}],"version-history":[{"count":1,"href":"https:\/\/raval.es\/historia\/wp-json\/wp\/v2\/posts\/968\/revisions"}],"predecessor-version":[{"id":969,"href":"https:\/\/raval.es\/historia\/wp-json\/wp\/v2\/posts\/968\/revisions\/969"}],"wp:featuredmedia":[{"embeddable":true,"href":"https:\/\/raval.es\/historia\/wp-json\/wp\/v2\/media\/960"}],"wp:attachment":[{"href":"https:\/\/raval.es\/historia\/wp-json\/wp\/v2\/media?parent=968"}],"wp:term":[{"taxonomy":"category","embeddable":true,"href":"https:\/\/raval.es\/historia\/wp-json\/wp\/v2\/categories?post=968"},{"taxonomy":"post_tag","embeddable":true,"href":"https:\/\/raval.es\/historia\/wp-json\/wp\/v2\/tags?post=968"}],"curies":[{"name":"wp","href":"https:\/\/api.w.org\/{rel}","templated":true}]}}